{"id":2247,"date":"2024-11-04T11:14:47","date_gmt":"2024-11-04T10:14:47","guid":{"rendered":"https:\/\/www.seed4africa.eu\/job-shadowing-in-italy\/"},"modified":"2025-11-18T14:50:28","modified_gmt":"2025-11-18T13:50:28","slug":"job-shadowing-in-italy","status":"publish","type":"post","link":"https:\/\/www.seed4africa.eu\/fr\/job-shadowing-in-italy\/","title":{"rendered":"Job Shadowing in Italy"},"content":{"rendered":"\n<p class=\"wp-block-paragraph\">From <strong>October 8th to 11th, Foligno<\/strong> welcomed six participants <strong>from Kenya, South Africa, Nigeria and Benin<\/strong> for a week-long job shadowing under the S<strong>eed4Africa project.<\/strong> This initiative aimed to enhance the professional profiles of <strong>African VET<\/strong> (Vocational Education and Training) teachers and trainers in agriculture and rural development through hands-on learning and international collaboration.<\/p>\n\n\n\n<figure class=\"wp-block-image size-large\"><img fetchpriority=\"high\" decoding=\"async\" width=\"1024\" height=\"768\" src=\"https:\/\/www.seed4africa.eu\/wp-content\/uploads\/2024\/11\/PHOTO-2024-10-08-11-46-24-1024x768.jpg\" alt=\"\" class=\"wp-image-3494\" srcset=\"https:\/\/www.seed4africa.eu\/wp-content\/uploads\/2024\/11\/PHOTO-2024-10-08-11-46-24-1024x768.jpg 1024w, https:\/\/www.seed4africa.eu\/wp-content\/uploads\/2024\/11\/PHOTO-2024-10-08-11-46-24-300x225.jpg 300w, https:\/\/www.seed4africa.eu\/wp-content\/uploads\/2024\/11\/PHOTO-2024-10-08-11-46-24-768x576.jpg 768w, https:\/\/www.seed4africa.eu\/wp-content\/uploads\/2024\/11\/PHOTO-2024-10-08-11-46-24-1536x1152.jpg 1536w, https:\/\/www.seed4africa.eu\/wp-content\/uploads\/2024\/11\/PHOTO-2024-10-08-11-46-24.jpg 2048w\" sizes=\"(max-width: 1024px) 100vw, 1024px\" \/><\/figure>\n\n\n\n<p class=\"wp-block-paragraph\">During their stay, participants <strong>explored innovative practices and sustainability-focused initiatives <\/strong>through visits to key organisations:<\/p>\n\n\n\n<ul class=\"wp-block-list\">\n<li>EGInA Headquarters with an introduction to European projects on sustainability and nature preservation.<\/li>\n\n\n\n<li>Orto Sive Natura, Gualdo Cattaneo: An organic farm showcasing eco-friendly farming techniques and products.<\/li>\n<\/ul>\n\n\n\n<figure class=\"wp-block-image size-large\"><img decoding=\"async\" width=\"1024\" height=\"768\" src=\"https:\/\/www.seed4africa.eu\/wp-content\/uploads\/2024\/11\/IMG_4918-1024x768.jpg\" alt=\"\" class=\"wp-image-3468\" srcset=\"https:\/\/www.seed4africa.eu\/wp-content\/uploads\/2024\/11\/IMG_4918-1024x768.jpg 1024w, https:\/\/www.seed4africa.eu\/wp-content\/uploads\/2024\/11\/IMG_4918-300x225.jpg 300w, https:\/\/www.seed4africa.eu\/wp-content\/uploads\/2024\/11\/IMG_4918-768x576.jpg 768w, https:\/\/www.seed4africa.eu\/wp-content\/uploads\/2024\/11\/IMG_4918-1536x1152.jpg 1536w, https:\/\/www.seed4africa.eu\/wp-content\/uploads\/2024\/11\/IMG_4918-2048x1536.jpg 2048w\" sizes=\"(max-width: 1024px) 100vw, 1024px\" \/><\/figure>\n\n\n\n<ul class=\"wp-block-list\">\n<li>Agricola Mesina, Pianello: A farm producing organic olive oil, wine and sheep\u2019s milk, highlighting market potential for high-quality organic products.<\/li>\n<\/ul>\n\n\n\n<figure class=\"wp-block-image size-large\"><img decoding=\"async\" width=\"1024\" height=\"768\" src=\"https:\/\/www.seed4africa.eu\/wp-content\/uploads\/2024\/11\/IMG_4945-1024x768.jpg\" alt=\"\" class=\"wp-image-3473\" srcset=\"https:\/\/www.seed4africa.eu\/wp-content\/uploads\/2024\/11\/IMG_4945-1024x768.jpg 1024w, https:\/\/www.seed4africa.eu\/wp-content\/uploads\/2024\/11\/IMG_4945-300x225.jpg 300w, https:\/\/www.seed4africa.eu\/wp-content\/uploads\/2024\/11\/IMG_4945-768x576.jpg 768w, https:\/\/www.seed4africa.eu\/wp-content\/uploads\/2024\/11\/IMG_4945-1536x1152.jpg 1536w, https:\/\/www.seed4africa.eu\/wp-content\/uploads\/2024\/11\/IMG_4945-2048x1536.jpg 2048w\" sizes=\"(max-width: 1024px) 100vw, 1024px\" \/><\/figure>\n\n\n\n<ul class=\"wp-block-list\">\n<li>3A Park (Agricultural and Food Technology Park of Umbria): A hub for improving agricultural product quality, promoting sustainability and fostering innovation.<\/li>\n<\/ul>\n\n\n\n<figure class=\"wp-block-image aligncenter size-large\"><img loading=\"lazy\" decoding=\"async\" width=\"768\" height=\"1024\" src=\"https:\/\/www.seed4africa.eu\/wp-content\/uploads\/2024\/11\/IMG_4950-768x1024.jpg\" alt=\"\" class=\"wp-image-3479\" srcset=\"https:\/\/www.seed4africa.eu\/wp-content\/uploads\/2024\/11\/IMG_4950-768x1024.jpg 768w, https:\/\/www.seed4africa.eu\/wp-content\/uploads\/2024\/11\/IMG_4950-225x300.jpg 225w, https:\/\/www.seed4africa.eu\/wp-content\/uploads\/2024\/11\/IMG_4950-1152x1536.jpg 1152w, https:\/\/www.seed4africa.eu\/wp-content\/uploads\/2024\/11\/IMG_4950-1536x2048.jpg 1536w, https:\/\/www.seed4africa.eu\/wp-content\/uploads\/2024\/11\/IMG_4950-scaled.jpg 1920w\" sizes=\"(max-width: 768px) 100vw, 768px\" \/><\/figure>\n\n\n\n<ul class=\"wp-block-list\">\n<li>Agricultural Technical Institute Ciuffelli \u2013 Einaudi, Todi: A historic secondary school training future agricultural professionals.<\/li>\n<\/ul>\n\n\n\n<figure class=\"wp-block-image size-large\"><img loading=\"lazy\" decoding=\"async\" width=\"1024\" height=\"768\" src=\"https:\/\/www.seed4africa.eu\/wp-content\/uploads\/2024\/11\/IMG_4963-1024x768.jpg\" alt=\"\" class=\"wp-image-3484\" srcset=\"https:\/\/www.seed4africa.eu\/wp-content\/uploads\/2024\/11\/IMG_4963-1024x768.jpg 1024w, https:\/\/www.seed4africa.eu\/wp-content\/uploads\/2024\/11\/IMG_4963-300x225.jpg 300w, https:\/\/www.seed4africa.eu\/wp-content\/uploads\/2024\/11\/IMG_4963-768x576.jpg 768w, https:\/\/www.seed4africa.eu\/wp-content\/uploads\/2024\/11\/IMG_4963-1536x1152.jpg 1536w, https:\/\/www.seed4africa.eu\/wp-content\/uploads\/2024\/11\/IMG_4963-2048x1536.jpg 2048w\" sizes=\"(max-width: 1024px) 100vw, 1024px\" \/><\/figure>\n\n\n\n<ul class=\"wp-block-list\">\n<li>CESAR (Centre for Agricultural and Rural Development): Experts in international cooperation, research and training in food processing and environmental fields.<\/li>\n<\/ul>\n\n\n\n<figure class=\"wp-block-image size-large\"><img loading=\"lazy\" decoding=\"async\" width=\"1024\" height=\"768\" src=\"https:\/\/www.seed4africa.eu\/wp-content\/uploads\/2024\/11\/IMG_4974-1024x768.jpg\" alt=\"\" class=\"wp-image-3489\" srcset=\"https:\/\/www.seed4africa.eu\/wp-content\/uploads\/2024\/11\/IMG_4974-1024x768.jpg 1024w, https:\/\/www.seed4africa.eu\/wp-content\/uploads\/2024\/11\/IMG_4974-300x225.jpg 300w, https:\/\/www.seed4africa.eu\/wp-content\/uploads\/2024\/11\/IMG_4974-768x576.jpg 768w, https:\/\/www.seed4africa.eu\/wp-content\/uploads\/2024\/11\/IMG_4974-1536x1152.jpg 1536w, https:\/\/www.seed4africa.eu\/wp-content\/uploads\/2024\/11\/IMG_4974-2048x1536.jpg 2048w\" sizes=\"(max-width: 1024px) 100vw, 1024px\" \/><\/figure>\n\n\n\n<p class=\"wp-block-paragraph\">The <strong>Seed4Africa<\/strong> project <strong>fosters international collaboration and knowledge sharing in agriculture<\/strong>, creating a <strong>global ecosystem<\/strong> to address food security, health and sustainability challenges. This week in Foligno, participants were equipped with <strong>tools and inspiration <\/strong>to <strong>drive change<\/strong> in their home countries.<\/p>\n\n\n\n<p class=\"wp-block-paragraph\"><\/p>\n","protected":false},"excerpt":{"rendered":"<p>From October 8th to 11th, Foligno welcomed six participants from Kenya, South Africa, Nigeria and Benin for a week-long job shadowing under the Seed4Africa project. This initiative aimed to enhance the professional profiles of African VET (Vocational Education and Training) teachers and trainers in agriculture and rural development through hands-on learning and international collaboration. During [&hellip;]<\/p>\n","protected":false},"author":1,"featured_media":3496,"comment_status":"open","ping_status":"open","sticky":false,"template":"","format":"standard","meta":{"_monsterinsights_skip_tracking":false,"footnotes":""},"categories":[52],"tags":[],"class_list":["post-2247","post","type-post","status-publish","format-standard","has-post-thumbnail","hentry","category-mobility-2-fr"],"yoast_head":"<!-- This site is optimized with the Yoast SEO plugin v28.3 - https:\/\/yoast.com\/product\/yoast-seo-wordpress\/ -->\n<title>Job Shadowing in Italy - Seed4Africa<\/title>\n<meta name=\"description\" content=\"From October 8th to 11th, Foligno welcomed six participants from Kenya, South Africa, Nigeria and Benin for a week-long job shadowing under the Seed4Africa project.\" \/>\n<meta name=\"robots\" content=\"index, follow, max-snippet:-1, max-image-preview:large, max-video-preview:-1\" \/>\n<link rel=\"canonical\" href=\"https:\/\/www.seed4africa.eu\/fr\/job-shadowing-in-italy\/\" \/>\n<meta property=\"og:locale\" content=\"fr_FR\" \/>\n<meta property=\"og:type\" content=\"article\" \/>\n<meta property=\"og:title\" content=\"Job Shadowing in Italy - Seed4Africa\" \/>\n<meta property=\"og:description\" content=\"From October 8th to 11th, Foligno welcomed six participants from Kenya, South Africa, Nigeria and Benin for a week-long job shadowing under the Seed4Africa project.\" \/>\n<meta property=\"og:url\" content=\"https:\/\/www.seed4africa.eu\/fr\/job-shadowing-in-italy\/\" \/>\n<meta property=\"og:site_name\" content=\"Seed4Africa\" \/>\n<meta property=\"article:published_time\" content=\"2024-11-04T10:14:47+00:00\" \/>\n<meta property=\"article:modified_time\" content=\"2025-11-18T13:50:28+00:00\" \/>\n<meta property=\"og:image\" content=\"https:\/\/www.seed4africa.eu\/wp-content\/uploads\/2024\/11\/PHOTO-2024-10-08-11-46-24.jpg\" \/>\n\t<meta property=\"og:image:width\" content=\"2048\" \/>\n\t<meta property=\"og:image:height\" content=\"1536\" \/>\n\t<meta property=\"og:image:type\" content=\"image\/jpeg\" \/>\n<meta name=\"author\" content=\"seed4africa\" \/>\n<meta name=\"twitter:card\" content=\"summary_large_image\" \/>\n<meta name=\"twitter:label1\" content=\"\u00c9crit par\" \/>\n\t<meta name=\"twitter:data1\" content=\"seed4africa\" \/>\n\t<meta name=\"twitter:label2\" content=\"Dur\u00e9e de lecture estim\u00e9e\" \/>\n\t<meta name=\"twitter:data2\" content=\"2 minutes\" \/>\n<script type=\"application\/ld+json\" class=\"yoast-schema-graph\">{\"@context\":\"https:\\\/\\\/schema.org\",\"@graph\":[{\"@type\":\"Article\",\"@id\":\"https:\\\/\\\/www.seed4africa.eu\\\/fr\\\/job-shadowing-in-italy\\\/#article\",\"isPartOf\":{\"@id\":\"https:\\\/\\\/www.seed4africa.eu\\\/fr\\\/job-shadowing-in-italy\\\/\"},\"author\":{\"name\":\"seed4africa\",\"@id\":\"https:\\\/\\\/www.seed4africa.eu\\\/fr\\\/#\\\/schema\\\/person\\\/37c3acbb2de22c7331c8b6c9f0d3c767\"},\"headline\":\"Job Shadowing in Italy\",\"datePublished\":\"2024-11-04T10:14:47+00:00\",\"dateModified\":\"2025-11-18T13:50:28+00:00\",\"mainEntityOfPage\":{\"@id\":\"https:\\\/\\\/www.seed4africa.eu\\\/fr\\\/job-shadowing-in-italy\\\/\"},\"wordCount\":219,\"commentCount\":0,\"publisher\":{\"@id\":\"https:\\\/\\\/www.seed4africa.eu\\\/fr\\\/#organization\"},\"image\":{\"@id\":\"https:\\\/\\\/www.seed4africa.eu\\\/fr\\\/job-shadowing-in-italy\\\/#primaryimage\"},\"thumbnailUrl\":\"https:\\\/\\\/www.seed4africa.eu\\\/wp-content\\\/uploads\\\/2024\\\/11\\\/PHOTO-2024-10-08-11-46-24.jpg\",\"articleSection\":[\"mobility\"],\"inLanguage\":\"fr-FR\",\"potentialAction\":[{\"@type\":\"CommentAction\",\"name\":\"Comment\",\"target\":[\"https:\\\/\\\/www.seed4africa.eu\\\/fr\\\/job-shadowing-in-italy\\\/#respond\"]}]},{\"@type\":\"WebPage\",\"@id\":\"https:\\\/\\\/www.seed4africa.eu\\\/fr\\\/job-shadowing-in-italy\\\/\",\"url\":\"https:\\\/\\\/www.seed4africa.eu\\\/fr\\\/job-shadowing-in-italy\\\/\",\"name\":\"Job Shadowing in Italy - Seed4Africa\",\"isPartOf\":{\"@id\":\"https:\\\/\\\/www.seed4africa.eu\\\/fr\\\/#website\"},\"primaryImageOfPage\":{\"@id\":\"https:\\\/\\\/www.seed4africa.eu\\\/fr\\\/job-shadowing-in-italy\\\/#primaryimage\"},\"image\":{\"@id\":\"https:\\\/\\\/www.seed4africa.eu\\\/fr\\\/job-shadowing-in-italy\\\/#primaryimage\"},\"thumbnailUrl\":\"https:\\\/\\\/www.seed4africa.eu\\\/wp-content\\\/uploads\\\/2024\\\/11\\\/PHOTO-2024-10-08-11-46-24.jpg\",\"datePublished\":\"2024-11-04T10:14:47+00:00\",\"dateModified\":\"2025-11-18T13:50:28+00:00\",\"description\":\"From October 8th to 11th, Foligno welcomed six participants from Kenya, South Africa, Nigeria and Benin for a week-long job shadowing under the Seed4Africa project.\",\"breadcrumb\":{\"@id\":\"https:\\\/\\\/www.seed4africa.eu\\\/fr\\\/job-shadowing-in-italy\\\/#breadcrumb\"},\"inLanguage\":\"fr-FR\",\"potentialAction\":[{\"@type\":\"ReadAction\",\"target\":[\"https:\\\/\\\/www.seed4africa.eu\\\/fr\\\/job-shadowing-in-italy\\\/\"]}]},{\"@type\":\"ImageObject\",\"inLanguage\":\"fr-FR\",\"@id\":\"https:\\\/\\\/www.seed4africa.eu\\\/fr\\\/job-shadowing-in-italy\\\/#primaryimage\",\"url\":\"https:\\\/\\\/www.seed4africa.eu\\\/wp-content\\\/uploads\\\/2024\\\/11\\\/PHOTO-2024-10-08-11-46-24.jpg\",\"contentUrl\":\"https:\\\/\\\/www.seed4africa.eu\\\/wp-content\\\/uploads\\\/2024\\\/11\\\/PHOTO-2024-10-08-11-46-24.jpg\",\"width\":2048,\"height\":1536},{\"@type\":\"BreadcrumbList\",\"@id\":\"https:\\\/\\\/www.seed4africa.eu\\\/fr\\\/job-shadowing-in-italy\\\/#breadcrumb\",\"itemListElement\":[{\"@type\":\"ListItem\",\"position\":1,\"name\":\"Home\",\"item\":\"https:\\\/\\\/www.seed4africa.eu\\\/fr\\\/\"},{\"@type\":\"ListItem\",\"position\":2,\"name\":\"Job Shadowing in Italy\"}]},{\"@type\":\"WebSite\",\"@id\":\"https:\\\/\\\/www.seed4africa.eu\\\/fr\\\/#website\",\"url\":\"https:\\\/\\\/www.seed4africa.eu\\\/fr\\\/\",\"name\":\"Seed4Africa\",\"description\":\"\",\"publisher\":{\"@id\":\"https:\\\/\\\/www.seed4africa.eu\\\/fr\\\/#organization\"},\"potentialAction\":[{\"@type\":\"SearchAction\",\"target\":{\"@type\":\"EntryPoint\",\"urlTemplate\":\"https:\\\/\\\/www.seed4africa.eu\\\/fr\\\/?s={search_term_string}\"},\"query-input\":{\"@type\":\"PropertyValueSpecification\",\"valueRequired\":true,\"valueName\":\"search_term_string\"}}],\"inLanguage\":\"fr-FR\"},{\"@type\":\"Organization\",\"@id\":\"https:\\\/\\\/www.seed4africa.eu\\\/fr\\\/#organization\",\"name\":\"Seed4Africa\",\"url\":\"https:\\\/\\\/www.seed4africa.eu\\\/fr\\\/\",\"logo\":{\"@type\":\"ImageObject\",\"inLanguage\":\"fr-FR\",\"@id\":\"https:\\\/\\\/www.seed4africa.eu\\\/fr\\\/#\\\/schema\\\/logo\\\/image\\\/\",\"url\":\"https:\\\/\\\/www.seed4africa.eu\\\/wp-content\\\/uploads\\\/2023\\\/05\\\/Seed4Africa-logo_def.png\",\"contentUrl\":\"https:\\\/\\\/www.seed4africa.eu\\\/wp-content\\\/uploads\\\/2023\\\/05\\\/Seed4Africa-logo_def.png\",\"width\":2059,\"height\":570,\"caption\":\"Seed4Africa\"},\"image\":{\"@id\":\"https:\\\/\\\/www.seed4africa.eu\\\/fr\\\/#\\\/schema\\\/logo\\\/image\\\/\"}},{\"@type\":\"Person\",\"@id\":\"https:\\\/\\\/www.seed4africa.eu\\\/fr\\\/#\\\/schema\\\/person\\\/37c3acbb2de22c7331c8b6c9f0d3c767\",\"name\":\"seed4africa\",\"image\":{\"@type\":\"ImageObject\",\"inLanguage\":\"fr-FR\",\"@id\":\"https:\\\/\\\/secure.gravatar.com\\\/avatar\\\/8f9c58c745970c0fc71fe08c90be798dede035c7e1305e19ac82d859a6beb32d?s=96&d=mm&r=g\",\"url\":\"https:\\\/\\\/secure.gravatar.com\\\/avatar\\\/8f9c58c745970c0fc71fe08c90be798dede035c7e1305e19ac82d859a6beb32d?s=96&d=mm&r=g\",\"contentUrl\":\"https:\\\/\\\/secure.gravatar.com\\\/avatar\\\/8f9c58c745970c0fc71fe08c90be798dede035c7e1305e19ac82d859a6beb32d?s=96&d=mm&r=g\",\"caption\":\"seed4africa\"},\"sameAs\":[\"https:\\\/\\\/www.seed4africa.eu\"],\"url\":\"https:\\\/\\\/www.seed4africa.eu\\\/fr\\\/author\\\/seed4africa\\\/\"}]}<\/script>\n<!-- \/ Yoast SEO plugin. -->","yoast_head_json":{"title":"Job Shadowing in Italy - Seed4Africa","description":"From October 8th to 11th, Foligno welcomed six participants from Kenya, South Africa, Nigeria and Benin for a week-long job shadowing under the Seed4Africa project.","robots":{"index":"index","follow":"follow","max-snippet":"max-snippet:-1","max-image-preview":"max-image-preview:large","max-video-preview":"max-video-preview:-1"},"canonical":"https:\/\/www.seed4africa.eu\/fr\/job-shadowing-in-italy\/","og_locale":"fr_FR","og_type":"article","og_title":"Job Shadowing in Italy - Seed4Africa","og_description":"From October 8th to 11th, Foligno welcomed six participants from Kenya, South Africa, Nigeria and Benin for a week-long job shadowing under the Seed4Africa project.","og_url":"https:\/\/www.seed4africa.eu\/fr\/job-shadowing-in-italy\/","og_site_name":"Seed4Africa","article_published_time":"2024-11-04T10:14:47+00:00","article_modified_time":"2025-11-18T13:50:28+00:00","og_image":[{"width":2048,"height":1536,"url":"https:\/\/www.seed4africa.eu\/wp-content\/uploads\/2024\/11\/PHOTO-2024-10-08-11-46-24.jpg","type":"image\/jpeg"}],"author":"seed4africa","twitter_card":"summary_large_image","twitter_misc":{"\u00c9crit par":"seed4africa","Dur\u00e9e de lecture estim\u00e9e":"2 minutes"},"schema":{"@context":"https:\/\/schema.org","@graph":[{"@type":"Article","@id":"https:\/\/www.seed4africa.eu\/fr\/job-shadowing-in-italy\/#article","isPartOf":{"@id":"https:\/\/www.seed4africa.eu\/fr\/job-shadowing-in-italy\/"},"author":{"name":"seed4africa","@id":"https:\/\/www.seed4africa.eu\/fr\/#\/schema\/person\/37c3acbb2de22c7331c8b6c9f0d3c767"},"headline":"Job Shadowing in Italy","datePublished":"2024-11-04T10:14:47+00:00","dateModified":"2025-11-18T13:50:28+00:00","mainEntityOfPage":{"@id":"https:\/\/www.seed4africa.eu\/fr\/job-shadowing-in-italy\/"},"wordCount":219,"commentCount":0,"publisher":{"@id":"https:\/\/www.seed4africa.eu\/fr\/#organization"},"image":{"@id":"https:\/\/www.seed4africa.eu\/fr\/job-shadowing-in-italy\/#primaryimage"},"thumbnailUrl":"https:\/\/www.seed4africa.eu\/wp-content\/uploads\/2024\/11\/PHOTO-2024-10-08-11-46-24.jpg","articleSection":["mobility"],"inLanguage":"fr-FR","potentialAction":[{"@type":"CommentAction","name":"Comment","target":["https:\/\/www.seed4africa.eu\/fr\/job-shadowing-in-italy\/#respond"]}]},{"@type":"WebPage","@id":"https:\/\/www.seed4africa.eu\/fr\/job-shadowing-in-italy\/","url":"https:\/\/www.seed4africa.eu\/fr\/job-shadowing-in-italy\/","name":"Job Shadowing in Italy - Seed4Africa","isPartOf":{"@id":"https:\/\/www.seed4africa.eu\/fr\/#website"},"primaryImageOfPage":{"@id":"https:\/\/www.seed4africa.eu\/fr\/job-shadowing-in-italy\/#primaryimage"},"image":{"@id":"https:\/\/www.seed4africa.eu\/fr\/job-shadowing-in-italy\/#primaryimage"},"thumbnailUrl":"https:\/\/www.seed4africa.eu\/wp-content\/uploads\/2024\/11\/PHOTO-2024-10-08-11-46-24.jpg","datePublished":"2024-11-04T10:14:47+00:00","dateModified":"2025-11-18T13:50:28+00:00","description":"From October 8th to 11th, Foligno welcomed six participants from Kenya, South Africa, Nigeria and Benin for a week-long job shadowing under the Seed4Africa project.","breadcrumb":{"@id":"https:\/\/www.seed4africa.eu\/fr\/job-shadowing-in-italy\/#breadcrumb"},"inLanguage":"fr-FR","potentialAction":[{"@type":"ReadAction","target":["https:\/\/www.seed4africa.eu\/fr\/job-shadowing-in-italy\/"]}]},{"@type":"ImageObject","inLanguage":"fr-FR","@id":"https:\/\/www.seed4africa.eu\/fr\/job-shadowing-in-italy\/#primaryimage","url":"https:\/\/www.seed4africa.eu\/wp-content\/uploads\/2024\/11\/PHOTO-2024-10-08-11-46-24.jpg","contentUrl":"https:\/\/www.seed4africa.eu\/wp-content\/uploads\/2024\/11\/PHOTO-2024-10-08-11-46-24.jpg","width":2048,"height":1536},{"@type":"BreadcrumbList","@id":"https:\/\/www.seed4africa.eu\/fr\/job-shadowing-in-italy\/#breadcrumb","itemListElement":[{"@type":"ListItem","position":1,"name":"Home","item":"https:\/\/www.seed4africa.eu\/fr\/"},{"@type":"ListItem","position":2,"name":"Job Shadowing in Italy"}]},{"@type":"WebSite","@id":"https:\/\/www.seed4africa.eu\/fr\/#website","url":"https:\/\/www.seed4africa.eu\/fr\/","name":"Seed4Africa","description":"","publisher":{"@id":"https:\/\/www.seed4africa.eu\/fr\/#organization"},"potentialAction":[{"@type":"SearchAction","target":{"@type":"EntryPoint","urlTemplate":"https:\/\/www.seed4africa.eu\/fr\/?s={search_term_string}"},"query-input":{"@type":"PropertyValueSpecification","valueRequired":true,"valueName":"search_term_string"}}],"inLanguage":"fr-FR"},{"@type":"Organization","@id":"https:\/\/www.seed4africa.eu\/fr\/#organization","name":"Seed4Africa","url":"https:\/\/www.seed4africa.eu\/fr\/","logo":{"@type":"ImageObject","inLanguage":"fr-FR","@id":"https:\/\/www.seed4africa.eu\/fr\/#\/schema\/logo\/image\/","url":"https:\/\/www.seed4africa.eu\/wp-content\/uploads\/2023\/05\/Seed4Africa-logo_def.png","contentUrl":"https:\/\/www.seed4africa.eu\/wp-content\/uploads\/2023\/05\/Seed4Africa-logo_def.png","width":2059,"height":570,"caption":"Seed4Africa"},"image":{"@id":"https:\/\/www.seed4africa.eu\/fr\/#\/schema\/logo\/image\/"}},{"@type":"Person","@id":"https:\/\/www.seed4africa.eu\/fr\/#\/schema\/person\/37c3acbb2de22c7331c8b6c9f0d3c767","name":"seed4africa","image":{"@type":"ImageObject","inLanguage":"fr-FR","@id":"https:\/\/secure.gravatar.com\/avatar\/8f9c58c745970c0fc71fe08c90be798dede035c7e1305e19ac82d859a6beb32d?s=96&d=mm&r=g","url":"https:\/\/secure.gravatar.com\/avatar\/8f9c58c745970c0fc71fe08c90be798dede035c7e1305e19ac82d859a6beb32d?s=96&d=mm&r=g","contentUrl":"https:\/\/secure.gravatar.com\/avatar\/8f9c58c745970c0fc71fe08c90be798dede035c7e1305e19ac82d859a6beb32d?s=96&d=mm&r=g","caption":"seed4africa"},"sameAs":["https:\/\/www.seed4africa.eu"],"url":"https:\/\/www.seed4africa.eu\/fr\/author\/seed4africa\/"}]}},"_links":{"self":[{"href":"https:\/\/www.seed4africa.eu\/fr\/wp-json\/wp\/v2\/posts\/2247","targetHints":{"allow":["GET"]}}],"collection":[{"href":"https:\/\/www.seed4africa.eu\/fr\/wp-json\/wp\/v2\/posts"}],"about":[{"href":"https:\/\/www.seed4africa.eu\/fr\/wp-json\/wp\/v2\/types\/post"}],"author":[{"embeddable":true,"href":"https:\/\/www.seed4africa.eu\/fr\/wp-json\/wp\/v2\/users\/1"}],"replies":[{"embeddable":true,"href":"https:\/\/www.seed4africa.eu\/fr\/wp-json\/wp\/v2\/comments?post=2247"}],"version-history":[{"count":2,"href":"https:\/\/www.seed4africa.eu\/fr\/wp-json\/wp\/v2\/posts\/2247\/revisions"}],"predecessor-version":[{"id":3500,"href":"https:\/\/www.seed4africa.eu\/fr\/wp-json\/wp\/v2\/posts\/2247\/revisions\/3500"}],"wp:featuredmedia":[{"embeddable":true,"href":"https:\/\/www.seed4africa.eu\/fr\/wp-json\/wp\/v2\/media\/3496"}],"wp:attachment":[{"href":"https:\/\/www.seed4africa.eu\/fr\/wp-json\/wp\/v2\/media?parent=2247"}],"wp:term":[{"taxonomy":"category","embeddable":true,"href":"https:\/\/www.seed4africa.eu\/fr\/wp-json\/wp\/v2\/categories?post=2247"},{"taxonomy":"post_tag","embeddable":true,"href":"https:\/\/www.seed4africa.eu\/fr\/wp-json\/wp\/v2\/tags?post=2247"}],"curies":[{"name":"wp","href":"https:\/\/api.w.org\/{rel}","templated":true}]}}